{"id":387,"date":"2019-07-04T14:45:49","date_gmt":"2019-07-04T12:45:49","guid":{"rendered":"<p>[vc_row][vc_column][vc_column_text]<\/p>\n<p><!-- wp:paragraph -->Fjal\u00ebt kan\u00eb nj\u00eb impakt t\u00eb r\u00ebnd\u00ebsish\u00ebm n\u00eb zhvillimin e f\u00ebmij\u00ebs, n\u00eb formimin e konceptit p\u00ebr veten, n\u00eb vet\u00ebvler\u00ebsim, n\u00eb nxitjen e autonomis\u00eb, iniciativ\u00ebs, n\u00eb sfer\u00ebn emocionale, kognitive dhe"},"modified":"2019-07-16T13:56:42","modified_gmt":"2019-07-16T11:56:42","slug":"komunikimi-3","status":"publish","type":"post","link":"https:\/\/3i.al\/?p=387","title":{"rendered":"Komunikimi"},"content":{"rendered":"<div class=\"wpb-content-wrapper\"><p>[vc_row][vc_column][vc_column_text]<\/p>\n<p>Fjal\u00ebt kan\u00eb nj\u00eb impakt t\u00eb r\u00ebnd\u00ebsish\u00ebm n\u00eb zhvillimin e f\u00ebmij\u00ebs, n\u00eb formimin e konceptit p\u00ebr veten, n\u00eb vet\u00ebvler\u00ebsim, n\u00eb nxitjen e autonomis\u00eb, iniciativ\u00ebs, n\u00eb sfer\u00ebn emocionale, kognitive dhe sociale. Shembulli i m\u00ebposht\u00ebm tregon sesi fjal\u00ebt q\u00eb mund t\u00eb thon\u00eb m\u00ebsuesit dhe prind\u00ebrit kuptohen dhe interpretohen nga f\u00ebmija. \u00cbsht\u00eb e r\u00ebnd\u00ebsishme q\u00eb t\u00eb gjith\u00eb t\u00eb nd\u00ebrgjegj\u00ebsohemi p\u00ebr fuqin\u00eb e komunikimit dhe p\u00ebr\u00e7imin e duhur t\u00eb mesazheve kundrejt nj\u00ebri-tjetrit! Aktiviteti nis me shembuj\u00a0konkret\u00eb. M\u00eb pas f\u00ebmij\u00ebt mund t\u00eb ftohen qe te ndajn\u00eb fjal\u00eb q\u00eb iu jan\u00eb th\u00ebn\u00eb,si i kan\u00eb kuptuar dhe n\u00eb fund si do donin q\u00eb prind\u00ebrit apo m\u00ebsuesit t\u00eb shprehen ndaj tyre!<\/p>\n\n<p>&nbsp;<\/p>\n<p>[\/vc_column_text][\/vc_column][\/vc_row][vc_row][vc_column][vc_hoverbox image=&#8221;270&#8243; primary_title=&#8221;\u00c7fare thone prinderit?&#8221; hover_title=&#8221;LEXO ME SHUME&#8221; shape=&#8221;round&#8221; hover_background_color=&#8221;sky&#8221; el_width=&#8221;50&#8243; align=&#8221;left&#8221;]<a href=\"http:\/\/3i.al\/wp-content\/uploads\/2019\/07\/Ato-q\u00eb-thon\u00eb-prind\u00ebrit.pdf\">Ato q\u00eb thon\u00eb prinderit<\/a>[\/vc_hoverbox][\/vc_column][\/vc_row]<\/p>\n<\/div>","protected":false},"excerpt":{"rendered":"<p>[vc_row][vc_column][vc_column_text] Fjal\u00ebt kan\u00eb nj\u00eb impakt t\u00eb r\u00ebnd\u00ebsish\u00ebm n\u00eb zhvillimin e f\u00ebmij\u00ebs, n\u00eb formimin e konceptit p\u00ebr veten, n\u00eb vet\u00ebvler\u00ebsim, n\u00eb nxitjen e autonomis\u00eb, iniciativ\u00ebs, n\u00eb sfer\u00ebn emocionale, kognitive dhe sociale. Shembulli i m\u00ebposht\u00ebm tregon sesi fjal\u00ebt q\u00eb mund t\u00eb thon\u00eb m\u00ebsuesit dhe prind\u00ebrit kuptohen dhe interpretohen nga f\u00ebmija. \u00cbsht\u00eb e r\u00ebnd\u00ebsishme q\u00eb t\u00eb gjith\u00eb t\u00eb [&hellip;]<\/p>\n","protected":false},"author":2,"featured_media":0,"comment_status":"open","ping_status":"open","sticky":false,"template":"","format":"standard","meta":{"footnotes":""},"categories":[27],"tags":[],"class_list":["post-387","post","type-post","status-publish","format-standard","hentry","category-prinderit"],"_links":{"self":[{"href":"https:\/\/3i.al\/index.php?rest_route=\/wp\/v2\/posts\/387","targetHints":{"allow":["GET"]}}],"collection":[{"href":"https:\/\/3i.al\/index.php?rest_route=\/wp\/v2\/posts"}],"about":[{"href":"https:\/\/3i.al\/index.php?rest_route=\/wp\/v2\/types\/post"}],"author":[{"embeddable":true,"href":"https:\/\/3i.al\/index.php?rest_route=\/wp\/v2\/users\/2"}],"replies":[{"embeddable":true,"href":"https:\/\/3i.al\/index.php?rest_route=%2Fwp%2Fv2%2Fcomments&post=387"}],"version-history":[{"count":8,"href":"https:\/\/3i.al\/index.php?rest_route=\/wp\/v2\/posts\/387\/revisions"}],"predecessor-version":[{"id":773,"href":"https:\/\/3i.al\/index.php?rest_route=\/wp\/v2\/posts\/387\/revisions\/773"}],"wp:attachment":[{"href":"https:\/\/3i.al\/index.php?rest_route=%2Fwp%2Fv2%2Fmedia&parent=387"}],"wp:term":[{"taxonomy":"category","embeddable":true,"href":"https:\/\/3i.al\/index.php?rest_route=%2Fwp%2Fv2%2Fcategories&post=387"},{"taxonomy":"post_tag","embeddable":true,"href":"https:\/\/3i.al\/index.php?rest_route=%2Fwp%2Fv2%2Ftags&post=387"}],"curies":[{"name":"wp","href":"https:\/\/api.w.org\/{rel}","templated":true}]}}